{"id":1,"date":"2026-07-18T08:29:36","date_gmt":"2026-07-18T08:29:36","guid":{"rendered":"https:\/\/kkvkportal.hu\/?p=1"},"modified":"2026-07-23T19:38:58","modified_gmt":"2026-07-23T19:38:58","slug":"virtualis-tanulasi-ter-a-kozlekedesi-agazat-munkavallaloinak","status":"publish","type":"post","link":"https:\/\/kkvkportal.hu\/?p=1","title":{"rendered":"Virtu\u00e1lis tanul\u00e1si t\u00e9r a k\u00f6zleked\u00e9si \u00e1gazat munkav\u00e1llal\u00f3inak"},"content":{"rendered":"\t\t<div data-elementor-type=\"wp-post\" data-elementor-id=\"1\" class=\"elementor elementor-1\">\n\t\t\t\t<div class=\"elementor-element elementor-element-6994943b e-flex e-con-boxed e-con e-parent\" data-id=\"6994943b\" data-element_type=\"container\" data-e-type=\"container\">\n\t\t\t\t\t<div class=\"e-con-inner\">\n\t\t\t\t<div class=\"elementor-element elementor-element-4484e3b1 elementor-widget elementor-widget-text-editor\" data-id=\"4484e3b1\" data-element_type=\"widget\" data-e-type=\"widget\" data-widget_type=\"text-editor.default\">\n\t\t\t\t\t\t\t\t\t\n<p class=\"wp-block-paragraph\">Az Innov\u00e1ci\u00f3s \u00e9s Technol\u00f3giai Miniszt\u00e9rium \u00e1ltal elind\u00edtott programban korszer\u0171 informatikai eszk\u00f6z\u00f6kkel felszerelt, komplex k\u00f6zleked\u00e9si k\u00e9pz\u00e9si \u00e9s vizsgacentrumot alak\u00edtanak ki. A 7 milli\u00e1rd forintos keret\u00f6sszeg\u0171 projektnek k\u00f6sz\u00f6nhet\u0151en els\u0151 k\u00f6rben az \u00e1gazat 8000 dolgoz\u00f3ja r\u00e9szes\u00fcl oktat\u00e1sban.<\/p>\n<p>A program a szektor saj\u00e1toss\u00e1gaihoz igazod\u00f3, kompetencia alap\u00fa k\u00e9pz\u00e9si k\u00edn\u00e1lattal \u00e9s egyedi k\u00e9szs\u00e9gfelm\u00e9r\u00e9si m\u00f3dszertannal \u00f6szt\u00f6nzi a munkav\u00e1llal\u00f3k eredm\u00e9nyes tov\u00e1bbk\u00e9pz\u00e9s\u00e9t. Az egys\u00e9ges, fenntarthat\u00f3 feln\u0151ttk\u00e9pz\u00e9si rendszer dolgoz\u00f3ik fejleszt\u00e9s\u00e9vel er\u0151s\u00edti a r\u00e9sztvev\u0151 c\u00e9gek munkaer\u0151-megtart\u00e1si k\u00e9pess\u00e9g\u00e9t. A projektben a k\u00f6zleked\u00e9si v\u00e1llalatok 8000 munkav\u00e1llal\u00f3j\u00e1nak k\u00e9szs\u00e9gfelm\u00e9r\u00e9se \u00e9s k\u00e9pz\u00e9se val\u00f3sul meg.<\/p>\n<p>A sz\u00fcks\u00e9gleteknek megfelel\u0151, versenyk\u00e9pes \u00e9s naprak\u00e9sz tud\u00e1s biztos\u00edt\u00e1sa \u00e9rdek\u00e9ben els\u0151k\u00e9nt a munk\u00e1ltat\u00f3i ig\u00e9nyeket t\u00e9rk\u00e9pezik fel. A foglalkoztatottak k\u00e9pzetts\u00e9gi szintj\u00e9hez alkalmazkod\u00f3 oktat\u00e1si paletta \u00e9s szolg\u00e1ltat\u00e1si csomag r\u00e9szek\u00e9nt harmincf\u00e9le szakmai k\u00e9szs\u00e9g fejleszt\u00e9s\u00e9re k\u00e9sz\u00fclnek k\u00e9pz\u00e9si programok. A projektben hangs\u00falyos szerepet kapnak a m\u0171k\u00f6d\u00e9st t\u00e1mogat\u00f3 informatikai fejleszt\u00e9sek \u00e9s eszk\u00f6zv\u00e1s\u00e1rl\u00e1s.<\/p>\n<p>Mos\u00f3czi L\u00e1szl\u00f3 k\u00f6zleked\u00e9spolitik\u00e1\u00e9rt felel\u0151s \u00e1llamtitk\u00e1r elmondta: \u201eA k\u00f6zleked\u00e9si k\u00e9pz\u00e9si \u00e9s vizsgacentrum korszer\u0171 feln\u0151ttk\u00e9pz\u00e9si m\u00f3dszertannal \u00e9s infrastrukt\u00far\u00e1val v\u00e1rja majd a tanulni v\u00e1gy\u00f3kat. A VR technol\u00f3gi\u00e1ra, szimul\u00e1torokra \u00e9p\u00fcl\u0151 virtu\u00e1lis tanul\u00e1si t\u00e9rben fejleszthet\u0151k a gyakorlati k\u00e9szs\u00e9gek, a mobil k\u00e9pz\u00e9si helysz\u00edn pedig az orsz\u00e1g minden r\u00e9sz\u00e9ben \u00e9l\u0151k sz\u00e1m\u00e1ra azonos lehet\u0151s\u00e9geket teremt. A 7 milli\u00e1rd forint vissza nem t\u00e9r\u00edtend\u0151 t\u00e1mogat\u00e1sb\u00f3l megval\u00f3sul\u00f3 k\u00f6zleked\u00e9si projekt m\u00e1s \u00e1gazatok hasonl\u00f3 programjai sz\u00e1m\u00e1ra is mint\u00e1ul szolg\u00e1lhat.\u201d<\/p>\n<p>P\u00f6l\u00f6skei G\u00e1born\u00e9 szakk\u00e9pz\u00e9s\u00e9rt felel\u0151s helyettes \u00e1llamtitk\u00e1r hangs\u00falyozta: \u201eA korm\u00e1ny kiemelt c\u00e9lja, hogy a feln\u0151ttek \u2013 \u00e9s k\u00f6z\u00fcl\u00fck legink\u00e1bb az alacsonyabb iskolai v\u00e9gzetts\u00e9ggel rendelkez\u0151k \u2013 min\u00e9l nagyobb ar\u00e1nyban vegyenek r\u00e9szt form\u00e1lis oktat\u00e1sban \u00e9s k\u00e9pz\u00e9sben. A program a k\u00f6zleked\u00e9si \u00e1gazatban dolgoz\u00f3kat munk\u00e1ltat\u00f3ik sz\u00e1m\u00e1ra is hasznos ismeretek, k\u00e9szs\u00e9gek \u00e9s kompetenci\u00e1k megszerz\u00e9s\u00e9hez seg\u00edti hozz\u00e1. A csatlakoz\u00e1s lehet\u0151s\u00e9ge nyitva \u00e1ll az enged\u00e9llyel rendelkez\u0151 feln\u0151ttk\u00e9pz\u0151 int\u00e9zm\u00e9nyek \u00e9s a szakk\u00e9pz\u00e9sben oktat\u00f3k, tanul\u00f3k el\u0151tt.\u201d<\/p>\n<p>A k\u00e9pz\u00e9sek a tervek szerint ak\u00e1r m\u00e1r 2021 m\u00e1sodik fel\u00e9ben elindulhatnak. A GINOP-6.1.9-18 K\u00f6zleked\u00e9si \u00e1gazati k\u00e9pz\u0151 k\u00f6zpont kialak\u00edt\u00e1sa c. projektet a KTI K\u00f6zleked\u00e9studom\u00e1nyi \u00e9s \u00c9p\u00edt\u00e9s\u00fcgyi Min\u0151s\u00e9gellen\u0151rz\u0151 Int\u00e9zet Nonprofit Kft. \u00e9s a Nemzeti Szakk\u00e9pz\u00e9si \u00e9s Feln\u0151ttk\u00e9pz\u00e9si Hivatal konzorciuma val\u00f3s\u00edtja meg.<\/p>\n\t\t\t\t\t\t\t\t<\/div>\n\t\t\t\t\t<\/div>\n\t\t\t\t<\/div>\n\t\t\t\t<\/div>\n\t\t","protected":false},"excerpt":{"rendered":"<p>Az Innov\u00e1ci\u00f3s \u00e9s Technol\u00f3giai Miniszt\u00e9rium \u00e1ltal elind\u00edtott programban korszer\u0171 informatikai eszk\u00f6z\u00f6kkel felszerelt, komplex k\u00f6zleked\u00e9si k\u00e9pz\u00e9si \u00e9s vizsgacentrumot alak\u00edtanak ki. A 7 milli\u00e1rd forintos keret\u00f6sszeg\u0171 projektnek &hellip;<\/p>\n","protected":false},"author":1,"featured_media":94,"comment_status":"closed","ping_status":"closed","sticky":false,"template":"","format":"standard","meta":{"_eb_attr":"","footnotes":""},"categories":[1],"tags":[],"class_list":["post-1","post","type-post","status-publish","format-standard","has-post-thumbnail","hentry","category-uncategorized"],"_links":{"self":[{"href":"https:\/\/kkvkportal.hu\/index.php?rest_route=\/wp\/v2\/posts\/1","targetHints":{"allow":["GET"]}}],"collection":[{"href":"https:\/\/kkvkportal.hu\/index.php?rest_route=\/wp\/v2\/posts"}],"about":[{"href":"https:\/\/kkvkportal.hu\/index.php?rest_route=\/wp\/v2\/types\/post"}],"author":[{"embeddable":true,"href":"https:\/\/kkvkportal.hu\/index.php?rest_route=\/wp\/v2\/users\/1"}],"replies":[{"embeddable":true,"href":"https:\/\/kkvkportal.hu\/index.php?rest_route=%2Fwp%2Fv2%2Fcomments&post=1"}],"version-history":[{"count":7,"href":"https:\/\/kkvkportal.hu\/index.php?rest_route=\/wp\/v2\/posts\/1\/revisions"}],"predecessor-version":[{"id":194,"href":"https:\/\/kkvkportal.hu\/index.php?rest_route=\/wp\/v2\/posts\/1\/revisions\/194"}],"wp:featuredmedia":[{"embeddable":true,"href":"https:\/\/kkvkportal.hu\/index.php?rest_route=\/wp\/v2\/media\/94"}],"wp:attachment":[{"href":"https:\/\/kkvkportal.hu\/index.php?rest_route=%2Fwp%2Fv2%2Fmedia&parent=1"}],"wp:term":[{"taxonomy":"category","embeddable":true,"href":"https:\/\/kkvkportal.hu\/index.php?rest_route=%2Fwp%2Fv2%2Fcategories&post=1"},{"taxonomy":"post_tag","embeddable":true,"href":"https:\/\/kkvkportal.hu\/index.php?rest_route=%2Fwp%2Fv2%2Ftags&post=1"}],"curies":[{"name":"wp","href":"https:\/\/api.w.org\/{rel}","templated":true}]}}